{"id":892,"date":"2016-08-14T22:31:23","date_gmt":"2016-08-14T20:31:23","guid":{"rendered":"http:\/\/yngves.com\/?p=892"},"modified":"2018-11-28T14:54:21","modified_gmt":"2018-11-28T13:54:21","slug":"gratekoner-og-lattermaskiner","status":"publish","type":"post","link":"http:\/\/yngves.com\/?p=892","title":{"rendered":"Gr\u00e5tekoner og lattermaskiner"},"content":{"rendered":"<p>Tekstbetraktning over <a href=\"http:\/\/www.bibel.no\/Nettbibelen?query=JSK6x8syuELtc2PioiuanRqwdaDeVFsXuTW28PdGeApSpS6EE8D75328Jidnh35A\" target=\"_blank\">Joh. 16,16-22<\/a> \u00a0 3. s\u00f8ndag e. p\u00e5ske (Avisen Hadeland 23.4.1999)<\/p>\n<p>En tekstbetraktning av biskop \u00d8ystein (LK nr. 7\/99) i det s\u00f8rlige nord satte meg p\u00e5 sporet inn i s\u00f8ndagsteksten kommende s\u00f8ndag.<br \/>\nEn tekst<br \/>\n&#8211; som handler om sorg og bedr\u00f8velse og angst for det ukjente &#8211; f\u00f8lelser som ber\u00f8rer oss ogs\u00e5, n\u00e5r vi st\u00e5r overfor tap.<br \/>\nVi leser disse smertene for tiden &#8211; i massevis &#8211; i de martrede ansiktene p\u00e5 mennesker i flukt. Flukt fra terror og redsler og nedbrente hjem.<\/p>\n<p>En tekst<br \/>\n&#8211; som handler om skadefryd overfor den som ligger nede for telling. Dette kunne vi ogs\u00e5 ved en anledning lese i ansiktet p\u00e5 en av ministrene i Beograd: <em>&laquo;Dere er forf\u00f8rt av sutrende mennesker (gr\u00e5tekoner?!) som ikke har noe \u00e5 klage over eller frykte for. Det er ikke synd p\u00e5 dem. For de st\u00f8tter terrorister.&raquo;<\/em>\u00a0 Slik var omkvedet fra det ansikt hvor det ikke var mulig \u00e5 lese noen medf\u00f8lelse eller sympati for ofrene.<\/p>\n<p>En tekst<br \/>\n&#8211; som handler om en situasjon som blir snudd totalt opp ned: <em>&laquo;Dere skal s\u00f8rge, men sorgen skal bli forvandlet til glede,&raquo;<\/em> &#8211; er Jesu ord til disipler som aner seg i n\u00e6rheten av en kommende katastrofe like f\u00f8r natten med forr\u00e6deri og langfredagsnederlag.<br \/>\nM\u00e5tte den situasjon ogs\u00e5 inntre for samtlige parter p\u00e5 et konfliktfylt Balkan som roper etter forsoning etter \u00e5rhundrer med oppsamlet hat &#8211; p\u00e5 begge sider!<\/p>\n<p>Men b\u00e5de de som vi &#8211; og som p\u00e5 Jesu tid &#8211; ser ut for \u00e5 ha vanskeligheter med \u00e5 f\u00e5 kontakt med nyanserte, <em>ekte<\/em> f\u00f8lelser.<br \/>\nP\u00e5 Balkan har oppsamlet hat stengt for andre, vare, f\u00f8lelser for den andre part, kan det virke som.<br \/>\nP\u00e5 Jesu tid &#8211; under en h\u00e5rdere himmel uten trygge trygdeordninger, trengte de gr\u00e5tekoner for \u00e5 utl\u00f8se ordentlig gr\u00e5t og sorg over et tap.<\/p>\n<p>Og vi &#8211; her p\u00e5 berget, i et overmettet vesten, overmettet i mager og av tomhjernet underholdning i etermediene, vi strever med \u00e5 f\u00e5 kontakt med den rene, ekte <em>glede.<\/em>\u00a0 Er du s\u00e5 (u)heldig \u00e5 ha &laquo;\u00f8rten&raquo; TV-kanaler \u00e5 velge mellom, kan du &laquo;zappe&raquo; mellom kanalene en vanlig ettermiddag, &#8211; og det som sl\u00e5r imot deg p\u00e5 de fleste av dem, er &laquo;underholdningsprogrammer&raquo; hvor man trenger hjelp av <em>lattermaskinen<\/em> for \u00e5 f\u00e5 noen som helst latter p\u00e5 gli. For at vi skal forst\u00e5 at n\u00e5 var det en morsom kommentar som du skal le av.\u00a0 Sammen med lattermaskinen. Ekte glede? Nei.<\/p>\n<p><em>&laquo;Jeg \u00f8nsker meg ikke reklamemenigheter med stressede gledesuttrykk og stivnede kundebehandlersmil.&raquo;<\/em> Skriver biskop \u00d8ystein.<br \/>\nNei, det vi \u00f8nsker oss, er \u00e5 f\u00e5 v\u00e6re i et menighetsfelleskap av ekte mennesker,-<br \/>\n&#8211; mennesker som bryr seg,- som lar seg <em>&laquo;bevege fra \u00e5 v\u00e6re tilskuere til \u00e5 v\u00e6re oppstandelsesvitner i praksis&raquo;<\/em> (biskop Rose i hyrdebrevet),<br \/>\n&#8211; mennesker med ekte f\u00f8lelser, ekte sorg og ekte glede; ren og barnlig glede over \u00e5 v\u00e6re et elsket menneske, elsket av Ham som forkynte fred over en m\u00f8rklagt jord, og som en gang skal vise at det ikke er hatet og bombene, men kj\u00e6rligheten som skal seire.<\/p>\n<p>God s\u00f8ndag!<\/p>\n<p>&nbsp;<\/p>\n<p><span style=\"text-decoration: underline;\">Teksten:<\/span><br \/>\nJesus: &laquo;&#8230;. Om en liten stund ser dere meg ikke, og om en liten stund igjen skal dere se meg.&raquo;<br \/>\nDa sa noen av disiplene hans til hverandre: &laquo;Hva mener han med dette at vi om en liten stund ikke ser ham, og s\u00e5 igjen om en liten stund skal se ham, og at han g\u00e5r til Faderen? Hva betyr dette: om en liten stund? Vi skj\u00f8nner ikke hva han taler om.&raquo;<br \/>\nJesus visste at de ville sp\u00f8rre ham, og han sa: &laquo;Snakker dere om det jeg sa: Om en liten stund ser dere meg ikke, og om en liten stund igjen skal dere se meg? Sannelig, sannelig, jeg sier dere: Dere skal gr\u00e5te og klage, men verden skal glede seg. Dere skal s\u00f8rge, men sorgen skal bli forvandlet til glede.<br \/>\nN\u00e5r en kvinne skal f\u00f8de, er hun engstelig, for hennes tid er kommet. Men n\u00e5r barnet er f\u00f8dt, har hun glemt smertene, i sin glede over at et menneske er kommet til verden.<br \/>\nSlik er det ogs\u00e5 med dere. N\u00e5 er dere bedr\u00f8vet, men jeg skal se dere igjen, og deres hjerte skal bli fylt av glede, og ingen skal ta gleden fra dere.&raquo;<br \/>\n(Joh. 16,16-22)<\/p>\n","protected":false},"excerpt":{"rendered":"<p>Tekstbetraktning over Joh. 16,16-22 \u00a0 3. s\u00f8ndag e. p\u00e5ske (Avisen Hadeland 23.4.1999) En tekstbetraktning av biskop \u00d8ystein (LK nr. 7\/99) i det s\u00f8rlige nord satte meg p\u00e5 sporet inn i s\u00f8ndagsteksten kommende s\u00f8ndag. En tekst &#8211; som handler om sorg &hellip; <a href=\"http:\/\/yngves.com\/?p=892\">Les videre <span class=\"meta-nav\">&rarr;<\/span><\/a><\/p>\n","protected":false},"author":2,"featured_media":0,"comment_status":"closed","ping_status":"closed","sticky":false,"template":"","format":"standard","meta":{"footnotes":""},"categories":[190],"tags":[],"_links":{"self":[{"href":"http:\/\/yngves.com\/index.php?rest_route=\/wp\/v2\/posts\/892"}],"collection":[{"href":"http:\/\/yngves.com\/index.php?rest_route=\/wp\/v2\/posts"}],"about":[{"href":"http:\/\/yngves.com\/index.php?rest_route=\/wp\/v2\/types\/post"}],"author":[{"embeddable":true,"href":"http:\/\/yngves.com\/index.php?rest_route=\/wp\/v2\/users\/2"}],"replies":[{"embeddable":true,"href":"http:\/\/yngves.com\/index.php?rest_route=%2Fwp%2Fv2%2Fcomments&post=892"}],"version-history":[{"count":8,"href":"http:\/\/yngves.com\/index.php?rest_route=\/wp\/v2\/posts\/892\/revisions"}],"predecessor-version":[{"id":896,"href":"http:\/\/yngves.com\/index.php?rest_route=\/wp\/v2\/posts\/892\/revisions\/896"}],"wp:attachment":[{"href":"http:\/\/yngves.com\/index.php?rest_route=%2Fwp%2Fv2%2Fmedia&parent=892"}],"wp:term":[{"taxonomy":"category","embeddable":true,"href":"http:\/\/yngves.com\/index.php?rest_route=%2Fwp%2Fv2%2Fcategories&post=892"},{"taxonomy":"post_tag","embeddable":true,"href":"http:\/\/yngves.com\/index.php?rest_route=%2Fwp%2Fv2%2Ftags&post=892"}],"curies":[{"name":"wp","href":"https:\/\/api.w.org\/{rel}","templated":true}]}}