{"id":481,"date":"2012-04-30T00:49:47","date_gmt":"2012-04-29T22:49:47","guid":{"rendered":"http:\/\/yngves.com\/?p=481"},"modified":"2012-04-30T23:48:45","modified_gmt":"2012-04-30T21:48:45","slug":"kan-prestar-streike","status":"publish","type":"post","link":"http:\/\/yngves.com\/?p=481","title":{"rendered":"&laquo;Kan prestar streike?&raquo;"},"content":{"rendered":"<p>Sp\u00f8r Gunnar Mindestr\u00f8mmen, leder i Presteforeningen, i VL 16. april.<br \/>\nOg svarer selv: <em>\u201dDet er ikkje mot Gud at vi streikar.\u201d<br \/>\n<\/em>Dette utsagn tvinger frem sp\u00f8rsm\u00e5let om hvor han har v\u00e6rt og f\u00e5tt rede p\u00e5 det, skr\u00e5sikkert som det fortoner seg.<br \/>\nHvis prestetjenesten utelukkende skal sees fra en arbeidsgiver-arbeidstaker-synsvinkel, s\u00e5 b\u00f8r prestenes ordinasjon og \u2013l\u00f8fte umiddelbart avvikles, da det p\u00e5 sett og vis synliggj\u00f8r en erkjennelse av at prestene ogs\u00e5 har en \u201dh\u00f8yere\u201d arbeidsgiver. Streik? &#8211; overfor Ham? Jeremia pr\u00f8vde, p\u00e5 sett og vis, uten \u00e5 lykkes, og f\u00e5r sitt kall satt i et perspektiv som ikke b\u00f8r ignoreres, n\u00e5r en ser prestetjenesten i lys av ordinasjonsl\u00f8ftet.<br \/>\nHelge Simonnes kommenterte i VL etter vedtaket (21.3.):<br \/>\n<em>\u201dPrestene vil for eksempel ikke ramme begravelser. Det har vi stor forst\u00e5else for, men n\u00e5r prestene inntar en s\u00e5 ansvarlig holdning, s\u00e5 f\u00e5r de heller la v\u00e6re \u00e5 streike. Det har v\u00e6rt noe forfriskende ved prestenes holdning hittil: Vi streiker ikke! Denne holdningen har understreket prestetjenestens grunnleggende karakter. Prestegjerningen er noe annet enn andre statsjobber\u2026<br \/>\nEt messefall eller to vil ikke f\u00e5 Rigmor Aasrud til \u00e5 \u00e5pne pengepungen.<br \/>\nNekter prestene derimot \u00e5 holde en vielse eller en begravelse, ville f\u00f8lelsene straks komme i kok. Men slike sterke f\u00f8lelser v\u00e5ger ikke prestene \u00e5 utfordre.\u201d<\/em> Han kunne gjerne tilf\u00f8yd: Konfirmasjon. Jeg er redd prestetjenesten vil sette seg selv i vanry om en slik valgte \u00e5 ramme medmennesker, enten det er i sorg eller glede.<br \/>\nDessuten tar det seg for meg noe merkelig ut at streikev\u00e5penet innf\u00f8res i en tid som for lengst er overmoden mht \u00e5 diskutere hvorvidt dette er m\u00e5ten \u00e5 l\u00f8se arbeidskonflikter p\u00e5 i et moderne, komplisert samfunn.<\/p>\n","protected":false},"excerpt":{"rendered":"<p>Sp\u00f8r Gunnar Mindestr\u00f8mmen, leder i Presteforeningen, i VL 16. april. Og svarer selv: \u201dDet er ikkje mot Gud at vi streikar.\u201d Dette utsagn tvinger frem sp\u00f8rsm\u00e5let om hvor han har v\u00e6rt og f\u00e5tt rede p\u00e5 det, skr\u00e5sikkert som det fortoner &hellip; <a href=\"http:\/\/yngves.com\/?p=481\">Les videre <span class=\"meta-nav\">&rarr;<\/span><\/a><\/p>\n","protected":false},"author":2,"featured_media":0,"comment_status":"closed","ping_status":"open","sticky":false,"template":"","format":"standard","meta":{"footnotes":""},"categories":[87],"tags":[],"_links":{"self":[{"href":"http:\/\/yngves.com\/index.php?rest_route=\/wp\/v2\/posts\/481"}],"collection":[{"href":"http:\/\/yngves.com\/index.php?rest_route=\/wp\/v2\/posts"}],"about":[{"href":"http:\/\/yngves.com\/index.php?rest_route=\/wp\/v2\/types\/post"}],"author":[{"embeddable":true,"href":"http:\/\/yngves.com\/index.php?rest_route=\/wp\/v2\/users\/2"}],"replies":[{"embeddable":true,"href":"http:\/\/yngves.com\/index.php?rest_route=%2Fwp%2Fv2%2Fcomments&post=481"}],"version-history":[{"count":4,"href":"http:\/\/yngves.com\/index.php?rest_route=\/wp\/v2\/posts\/481\/revisions"}],"predecessor-version":[{"id":533,"href":"http:\/\/yngves.com\/index.php?rest_route=\/wp\/v2\/posts\/481\/revisions\/533"}],"wp:attachment":[{"href":"http:\/\/yngves.com\/index.php?rest_route=%2Fwp%2Fv2%2Fmedia&parent=481"}],"wp:term":[{"taxonomy":"category","embeddable":true,"href":"http:\/\/yngves.com\/index.php?rest_route=%2Fwp%2Fv2%2Fcategories&post=481"},{"taxonomy":"post_tag","embeddable":true,"href":"http:\/\/yngves.com\/index.php?rest_route=%2Fwp%2Fv2%2Ftags&post=481"}],"curies":[{"name":"wp","href":"https:\/\/api.w.org\/{rel}","templated":true}]}}