{"id":236,"date":"2011-02-27T23:27:14","date_gmt":"2011-02-27T22:27:14","guid":{"rendered":"http:\/\/yngves.com\/?p=236"},"modified":"2011-05-28T19:36:19","modified_gmt":"2011-05-28T17:36:19","slug":"guds-ansiktprosessen-mot-gud-en-lysmessepreken-fra-nesna-kirke-13-12-1995","status":"publish","type":"post","link":"http:\/\/yngves.com\/?p=236","title":{"rendered":"Guds ansikt\/&raquo;Prosessen mot Gud&raquo;. En lysmessepreken fra Nesna kirke 13.12.1995"},"content":{"rendered":"<p><em>2. Korinterbrev 4,6: For Gud, som sa: &laquo;Det bli lys i m\u00f8rket&raquo;, han har ogs\u00e5 latt lyset skinne i v\u00e5re hjerter, for at kunnskapen om Guds herlighet, som str\u00e5ler i Kristi ansikt, skal lyse fram.<\/em><\/p>\n<p>Det er lov til \u00e5 stille sp\u00f8rsm\u00e5l. Ja, det er til og med lov \u00e5 ha kjetterske tanker, &#8211; lov til \u00e5 bli rasende sint og knytte nevene. Det er til og med sunt.<br \/>\n<em>Gud<\/em> t\u00e5ler det. Og har god erfaring i \u00e5 t\u00e5le&#8230;<br \/>\n<em>Gudstroen<\/em> t\u00e5ler det. \u00c5 tro det er ikke det samme som \u00e5 ha f\u00e5tt svar p\u00e5 alle sp\u00f8rsm\u00e5l, alle intrikate hvorfor, alle utspekulerte problemstillinger som med ren logikk skal avvise tanken om Gud.<\/p>\n<p>I j\u00f8dedommen er det \u00e5 stille sp\u00f8rsm\u00e5l omkring sin tro <em>en del av troen<\/em>, et tegn p\u00e5 at gudstroen er levende.<br \/>\nMed andre ord: Den som mener seg \u00e5 ha enkle svar p\u00e5 alt, den som aldri har blitt anfektet i sin tro, den tro som svever frem i &laquo;str\u00e5lefryd&raquo;, den tro er det fare for er mer d\u00f8d enn levende, og moden for begravelse &#8211; i stillhet.<\/p>\n<p>Jeg sier dette til tr\u00f8st for dem som ikke f\u00e5r allting til \u00e5 g\u00e5 ihop, til tr\u00f8st for dem som g\u00e5r med alle sp\u00f8rsm\u00e5lene de ikke finner svar p\u00e5, &#8211; og dermed tror at de ikke har noen gudstro.<\/p>\n<p>Elie Wiesel, den kjente j\u00f8diske forfatter som overlevde Auschwitz, skrev etter krigen skuespillet <em>&laquo;Prosessen mot Gud\u201d<\/em>.\u00a0 Gud blir stilt til ansvar for sitt verdensstyre, for sitt vanstyre av verden. I denne rettssaken blir Gud stilt for domstolen, og hele apparatet er mobilisert med aktorat, vitner, dommere og forsvarer. Og Gud m\u00e5 gj\u00f8re regnskap, han er p\u00e5 tiltalebenken og m\u00e5 svare for seg.<br \/>\nSaken blir etter beh\u00f8rig rettergang, tatt opp til doms. Mon hva utfallet vil bli?<br \/>\n<em>Gud<\/em> for retten?<br \/>\nKanskje d\u00f8mt?<br \/>\nVille den j\u00f8diske forfatter v\u00e5ge det?<br \/>\nEller frikjenne ham? &#8211; i angst for det faktum at \u201d<em>Gud er Gud om alle land l\u00e5 \u00f8de og <strong>alle<\/strong> mann var d\u00f8de\u201d &#8211; <\/em>ikke bare de \u201dskarve\u201d likhaugene av skinn og bein i en d\u00f8dsleir?<br \/>\nGud <em>blir<\/em> d\u00f8mt.<br \/>\nElie Wiesel lar domstolen d\u00f8mme ham.<br \/>\nHan blir s\u00e5gar <em>d\u00f8mt til d\u00f8den<\/em>\u2026<\/p>\n<p>Da jeg satt p\u00e5 H\u00f8yskolen for et par \u00e5r siden og h\u00f8rte rabbiner Michael Melchior legge ut om sin j\u00f8diske lidelsesfelle, som av den grunn helt feilaktig er blitt oppfattet som gudsfornekter, da begynte plutselig et bilde \u00e5 tegne seg p\u00e5 netthinnen.<br \/>\nBildet av et kors.<\/p>\n<p>Bildet av en annen rettssak, som ogs\u00e5 er skildret i detalj.<br \/>\nIkke et skuespill, en virkelig hendelse og enda mer dramatisk: Med anklager, falske anklager, &#8211; med unisone rop om korsfest, f\u00e5 se blod, levende menneskers raseri og behov for \u00e5 se et liv sakte bli tynet ut av et uskyldig menneske som i forveien er blitt torturert til alles forlystelse, &#8211; med en dommer som ikke har mot til \u00e5 d\u00f8mme ut fra sin overbevisning og derfor gj\u00f8r seg skyldig i justismord, etter \u00e5 ha toet sine hender. Ingen forsvarer, en farse av en rettssak.<br \/>\nOg han blir d\u00f8mt, overlatt til mobbens vilje, til brutale romerske soldater som kan det \u00e5 henrette p\u00e5 den grusomste m\u00e5te som tenkes kunne.<br \/>\nJeg fr\u00f8s p\u00e5 ryggen n\u00e6rmest der jeg satt og h\u00f8rte rabbineren,\u00a0en l\u00e6rd, klok j\u00f8de, som &#8211; uten \u00e5 ane det &#8211; der og da gav meg en aha-opplevelse for min egen tro, \u00e5penbarte meg evangeliet&#8230;<br \/>\nDet var vanskelig \u00e5 holde t\u00e5rene tilbake.<\/p>\n<p>Tenk om det juleevangeliet forteller er sant, dere. Tenk om det er <em>sant<\/em>!!<br \/>\nJa, &#8212; da <em><strong>var<\/strong> det lille barn i Betlehem en konge stor, som kom fra himlens h\u00f8ye slott ned til v\u00e5r arme jord.<br \/>\n<\/em>Og: <em>Da var Elie Wiesel nesten 2000 \u00e5r for sent ute med \u00e5 d\u00f8mme Gud til d\u00f8den.<\/em> For Han hadde allerede d\u00f8mt seg selv. D\u00f8mt seg selv til den ytterste solidaritet med v\u00e5re anklager mot Ham, alle v\u00e5re &laquo;hvorfor&raquo; innfor lidelsens uutholdelige g\u00e5ter.<\/p>\n<p>Ja, tenk om det juleevangeliet forteller er sant!<br \/>\nDa forteller det oss noe herlig om en Gud som b\u00f8yer seg s\u00e5 dypt at Han blir ett med de menneskene Han angret at Han hadde skapt. Ja, for slik st\u00e5r det. (I Noa-fortellingen.)<br \/>\nDu kan ikke si det om en Gud som blir ett med &#8211; at Han ikke bryr seg.<br \/>\nOg Han gjennomg\u00e5r det samme som mennesker den dag i dag omkring hele jordkloden m\u00e5 utholde fra maktsyke stormannsgale mennesker som i overmot tar &laquo;gud&raquo; til inntekt for seg selv og sin perversitet.<\/p>\n<p>Det <em>er<\/em> lov til \u00e5 stille sp\u00f8rsm\u00e5l, ja det blir i dette lys en n\u00f8dvendighet.<br \/>\nOg kanskje det som da kan tegne seg for deg, er et ansikt, et herlig ansikt: Paulus snakker om kunnskapen om Guds herlighet som str\u00e5ler frem i Kristi ansikt.<br \/>\nEn underlig herlighet.<br \/>\nOg for et herlig ansikt!: &#8211; Der st\u00e5r Han og blir d\u00f8mt. Han som hadde g\u00e5tt omkring som et levende lindrende lys i menneskenes forkr\u00f8plede m\u00f8rke av sykdom og lidelse og undertrykkelse under maktmenneskene.<br \/>\nN\u00e5 st\u00e5r Han der og lar seg til og med d\u00f8mme frivillig.<br \/>\nHan tar sin egen dom. I kj\u00e6rlighet t\u00f8mmer Han, ikke giftbegeret, men lidelsens beger fullt ut.<\/p>\n<p>Tenk om juleevangeliet er sant! Da har Bibelen gitt oss et vidunderlig synlig bilde av Gud: Kristi ansikt. Som i kj\u00e6rlighet &#8211; ikke ved blodig hevn &#8211; seirer over det onde og de onde. Og blir lyset som skinner i v\u00e5rt m\u00f8rke. Og hjerte.<br \/>\nDet <em>er<\/em> lov til \u00e5 stille sp\u00f8rsm\u00e5l. Til svar f\u00e5r du av Gud dette ansikt.<\/p>\n","protected":false},"excerpt":{"rendered":"<p>2. Korinterbrev 4,6: For Gud, som sa: &laquo;Det bli lys i m\u00f8rket&raquo;, han har ogs\u00e5 latt lyset skinne i v\u00e5re hjerter, for at kunnskapen om Guds herlighet, som str\u00e5ler i Kristi ansikt, skal lyse fram. Det er lov til \u00e5 &hellip; <a href=\"http:\/\/yngves.com\/?p=236\">Les videre <span class=\"meta-nav\">&rarr;<\/span><\/a><\/p>\n","protected":false},"author":2,"featured_media":0,"comment_status":"closed","ping_status":"open","sticky":false,"template":"","format":"standard","meta":{"footnotes":""},"categories":[4],"tags":[74,73,76,77,75,72],"_links":{"self":[{"href":"http:\/\/yngves.com\/index.php?rest_route=\/wp\/v2\/posts\/236"}],"collection":[{"href":"http:\/\/yngves.com\/index.php?rest_route=\/wp\/v2\/posts"}],"about":[{"href":"http:\/\/yngves.com\/index.php?rest_route=\/wp\/v2\/types\/post"}],"author":[{"embeddable":true,"href":"http:\/\/yngves.com\/index.php?rest_route=\/wp\/v2\/users\/2"}],"replies":[{"embeddable":true,"href":"http:\/\/yngves.com\/index.php?rest_route=%2Fwp%2Fv2%2Fcomments&post=236"}],"version-history":[{"count":7,"href":"http:\/\/yngves.com\/index.php?rest_route=\/wp\/v2\/posts\/236\/revisions"}],"predecessor-version":[{"id":307,"href":"http:\/\/yngves.com\/index.php?rest_route=\/wp\/v2\/posts\/236\/revisions\/307"}],"wp:attachment":[{"href":"http:\/\/yngves.com\/index.php?rest_route=%2Fwp%2Fv2%2Fmedia&parent=236"}],"wp:term":[{"taxonomy":"category","embeddable":true,"href":"http:\/\/yngves.com\/index.php?rest_route=%2Fwp%2Fv2%2Fcategories&post=236"},{"taxonomy":"post_tag","embeddable":true,"href":"http:\/\/yngves.com\/index.php?rest_route=%2Fwp%2Fv2%2Ftags&post=236"}],"curies":[{"name":"wp","href":"https:\/\/api.w.org\/{rel}","templated":true}]}}